{"id":346,"date":"2023-06-01T14:42:36","date_gmt":"2023-06-01T14:42:36","guid":{"rendered":"https:\/\/szentannaszany.hu\/?p=346"},"modified":"2023-06-01T14:46:40","modified_gmt":"2023-06-01T14:46:40","slug":"szent-anna-30","status":"publish","type":"post","link":"https:\/\/szentannaszany.hu\/index.php\/2023\/06\/01\/szent-anna-30\/","title":{"rendered":"Szent Anna 30"},"content":{"rendered":"\n<p class=\"wp-block-paragraph\">A szanyi katolikus iskola \u00fajraind\u00edt\u00e1s\u00e1nak 30. jubil\u00e1l\u00f3 \u00fcnnepe<\/p>\n\n\n\n<p class=\"wp-block-paragraph\">A szanyi Szent Anna Katolikus \u00c1ltal\u00e1nos Iskola \u00e9s \u00d3voda iskol\u00e1ja 2023. m\u00e1jus 25-\u00e9n \u00fcnnepelte<\/p>\n\n\n\n<p class=\"wp-block-paragraph\"><a><\/a>\u00fajraind\u00edt\u00e1s\u00e1nak 30. \u00e9vfordul\u00f3ja alkalm\u00e1b\u00f3l megrendezett jubileumi \u00fcnneps\u00e9g\u00e9t, melyet id\u00e9n a hagyom\u00e1nyoknak megfelel\u0151en Boldog Apor Vilmos p\u00fcsp\u00f6k v\u00e9rtan\u00fa eml\u00e9knapj\u00e1nak \u00fcnnepl\u00e9s\u00e9vel k\u00f6t\u00f6ttek egybe. Dr. Veres Andr\u00e1s gy\u0151ri megy\u00e9sp\u00fcsp\u00f6k celebr\u00e1lta az \u00fcnnepi szentmis\u00e9t a szanyi h\u00e1romtorny\u00fa templomban. Az iskola \u00e9nekkarosai \u00e9nekeltek G\u00f6dri D\u00e1niel vezet\u00e9s\u00e9vel, aki git\u00e1rral, Tak\u00e1cs Annam\u00e1ria pedig csell\u00f3val k\u00eds\u00e9rte \u0151ket. A szentmise befejez\u00e9se ut\u00e1n a nyolcadikos di\u00e1kok r\u00f6vid eml\u00e9kez\u0151 m\u0171sorban olvastak fel Boldog Apor Vilmos p\u00fcsp\u00f6kr\u0151l helybeliekt\u0151l meg\u0151rz\u00f6tt n\u00e9h\u00e1ny szanyi visszaeml\u00e9kez\u00e9st, melyek az \u0150 kedvess\u00e9g\u00e9r\u0151l, k\u00f6zvetlens\u00e9g\u00e9r\u0151l, nagylelk\u0171s\u00e9g\u00e9r\u0151l sz\u00f3ltak.<\/p>\n\n\n\n<p class=\"wp-block-paragraph\">A megeml\u00e9kez\u0151 m\u0171sort k\u00f6vet\u0151en a Kossuth \u00fati kis iskola udvar\u00e1n folytat\u00f3dott a jubileumi \u00fcnneps\u00e9g. T\u00f3thn\u00e9 Moln\u00e1r Bernadett igazgat\u00f3 asszony k\u00f6sz\u00f6nt\u0151je ut\u00e1n sz\u00edvet melenget\u0151 \u00e9s egyben k\u00f6nnyeket csalogat\u00f3 m\u0171sorral szerepeltek az iskola sz\u00ednj\u00e1tsz\u00f3 szakk\u00f6r\u00f6sei H\u00e1ri-Pet\u0151 Adrienn \u00e9s \u00e9nekkarosai G\u00f6dri D\u00e1niel vezet\u00e9s\u00e9vel. Az Allegro M\u0171v\u00e9szeti Iskola N\u00e9pt\u00e1ncos n\u00f6vend\u00e9kei vid\u00e1m szanyi t\u00e1nccal<\/p>\n\n\n\n<p class=\"wp-block-paragraph\">\u00f6rvendeztett\u00e9k meg a vend\u00e9geket Bakonyi Zsuzsa vezet\u00e9s\u00e9vel. Az \u00fcnnepi m\u0171sor befejez\u00e9sek\u00e9nt Dr. Veres Andr\u00e1s megy\u00e9sp\u00fcsp\u00f6k, T\u00f3thn\u00e9 Moln\u00e1r Bernadett igazgat\u00f3, \u00e9s az iskola di\u00e1kjai k\u00f6z\u00f6sen el\u00fcltettek egy eml\u00e9kf\u00e1t. A fa\u00fcltet\u00e9s azt szimboliz\u00e1lja, hogy, a Gy\u0151ri Egyh\u00e1zmegye p\u00fcsp\u00f6ke, az iskola vezet\u0151je \u00e9s pedag\u00f3gusai, illetve az iskola di\u00e1kjai a j\u00f6v\u0151 nemzed\u00e9k\u00e9nek \u00fcltetik annak rem\u00e9ny\u00e9ben, hogy Krisztusba vetett hit\u00fck, rem\u00e9ny\u00fck \u00e9s j\u00f6v\u0151j\u00fck ugyan\u00fagy n\u00f6vekszik \u00e9s er\u0151s\u00f6dik, mint az a kis t\u00f6lgyfa, melynek \u00e1rny\u00e9k\u00e1ban megpihenhetnek majd a<\/p>\n\n\n\n<p class=\"wp-block-paragraph\">di\u00e1kok.<\/p>\n\n\n\n<p class=\"wp-block-paragraph\">A nap z\u00e1r\u00e1sak\u00e9nt az egykori p\u00fcsp\u00f6ki kast\u00e9ly fal\u00e1n l\u00e9v\u0151 eml\u00e9kt\u00e1bl\u00e1n\u00e1l elhelyezt\u00e9k megeml\u00e9kez\u0151 koszor\u00fait a Gy\u0151ri Egyh\u00e1zmegye k\u00e9pviselet\u00e9ben dr. Veres Andr\u00e1s megy\u00e9sp\u00fcsp\u00f6k, Ruppertn\u00e9 Hut\u00e1s Kinga \u00e9s Kausits Gy\u00f6rgyn\u00e9 k\u00eds\u00e9ret\u00e9vel, a szanyi egyh\u00e1zk\u00f6zs\u00e9g k\u00e9pviselet\u00e9ben Henczel Szabolcs szanyi pl\u00e9b\u00e1nos, Vincze Zolt\u00e1n az egyh\u00e1zk\u00f6zs\u00e9gi k\u00e9pvisel\u0151test\u00fclet vil\u00e1gi eln\u00f6ke k\u00eds\u00e9ret\u00e9vel, Szany nagyk\u00f6zs\u00e9g k\u00e9pviselet\u00e9ben N\u00e9meth Gergely polg\u00e1rmester, Funtek J\u00e1nos jegyz\u0151 \u00e9s Kapui Jen\u0151 pl\u00e9b\u00e1nossal, az iskola k\u00e9pviselet\u00e9ben T\u00f3thn\u00e9 Moln\u00e1r Bernadett iskolaigazgat\u00f3, T\u00f3th Tibor \u00e9s Varga Vikt\u00f3ria igazgat\u00f3helyettesek. A megh\u00edvott vend\u00e9gek ezut\u00e1n Szany M\u0171vel\u0151d\u00e9si K\u00f6zpontj\u00e1ban vend\u00e9gl\u00e1t\u00e1sban r\u00e9szes\u00fcltek, ahol megkapt\u00e1k az jubileumr\u00f3l k\u00e9sz\u00fclt \u00e9rt\u00e9kes eml\u00e9kk\u00f6nyv k\u00f6nyv egy p\u00e9ld\u00e1ny\u00e1t.<\/p>\n\n\n\n<figure class=\"wp-block-embed is-type-video is-provider-youtube wp-block-embed-youtube wp-embed-aspect-16-9 wp-has-aspect-ratio\"><div class=\"wp-block-embed__wrapper\">\n<iframe loading=\"lazy\" title=\"Szent Anna 30\" width=\"500\" height=\"281\" src=\"https:\/\/www.youtube.com\/embed\/4l1qDJZU3Ms?feature=oembed\" frameborder=\"0\" allow=\"accelerometer; autoplay; clipboard-write; encrypted-media; gyroscope; picture-in-picture; web-share\" referrerpolicy=\"strict-origin-when-cross-origin\" allowfullscreen><\/iframe>\n<\/div><\/figure>\n\n\n\n<figure class=\"wp-block-image size-large\"><img loading=\"lazy\" decoding=\"async\" width=\"1024\" height=\"683\" src=\"https:\/\/szentannaszany.hu\/wp-content\/uploads\/2023\/06\/DSC_0221-1024x683.jpg\" alt=\"\" class=\"wp-image-349\" srcset=\"https:\/\/szentannaszany.hu\/wp-content\/uploads\/2023\/06\/DSC_0221-1024x683.jpg 1024w, https:\/\/szentannaszany.hu\/wp-content\/uploads\/2023\/06\/DSC_0221-300x200.jpg 300w, https:\/\/szentannaszany.hu\/wp-content\/uploads\/2023\/06\/DSC_0221-768x512.jpg 768w, https:\/\/szentannaszany.hu\/wp-content\/uploads\/2023\/06\/DSC_0221-1536x1024.jpg 1536w, https:\/\/szentannaszany.hu\/wp-content\/uploads\/2023\/06\/DSC_0221-2048x1365.jpg 2048w\" sizes=\"auto, (max-width: 1024px) 100vw, 1024px\" \/><\/figure>\n","protected":false},"excerpt":{"rendered":"<div class=\"mh-excerpt\"><p>A szanyi katolikus iskola \u00fajraind\u00edt\u00e1s\u00e1nak 30. jubil\u00e1l\u00f3 \u00fcnnepe A szanyi Szent Anna Katolikus \u00c1ltal\u00e1nos Iskola \u00e9s \u00d3voda iskol\u00e1ja 2023. m\u00e1jus 25-\u00e9n \u00fcnnepelte \u00fajraind\u00edt\u00e1s\u00e1nak 30. \u00e9vfordul\u00f3ja <a class=\"mh-excerpt-more\" href=\"https:\/\/szentannaszany.hu\/index.php\/2023\/06\/01\/szent-anna-30\/\" title=\"Szent Anna 30\">[&#8230;]<\/a><\/p>\n<\/div>","protected":false},"author":1,"featured_media":348,"comment_status":"closed","ping_status":"closed","sticky":false,"template":"","format":"standard","meta":{"ngg_post_thumbnail":0,"cybocfi_hide_featured_image":"yes","footnotes":""},"categories":[1],"tags":[],"class_list":["post-346","post","type-post","status-publish","format-standard","has-post-thumbnail","hentry","category-uncategorized"],"_links":{"self":[{"href":"https:\/\/szentannaszany.hu\/index.php\/wp-json\/wp\/v2\/posts\/346","targetHints":{"allow":["GET"]}}],"collection":[{"href":"https:\/\/szentannaszany.hu\/index.php\/wp-json\/wp\/v2\/posts"}],"about":[{"href":"https:\/\/szentannaszany.hu\/index.php\/wp-json\/wp\/v2\/types\/post"}],"author":[{"embeddable":true,"href":"https:\/\/szentannaszany.hu\/index.php\/wp-json\/wp\/v2\/users\/1"}],"replies":[{"embeddable":true,"href":"https:\/\/szentannaszany.hu\/index.php\/wp-json\/wp\/v2\/comments?post=346"}],"version-history":[{"count":4,"href":"https:\/\/szentannaszany.hu\/index.php\/wp-json\/wp\/v2\/posts\/346\/revisions"}],"predecessor-version":[{"id":352,"href":"https:\/\/szentannaszany.hu\/index.php\/wp-json\/wp\/v2\/posts\/346\/revisions\/352"}],"wp:featuredmedia":[{"embeddable":true,"href":"https:\/\/szentannaszany.hu\/index.php\/wp-json\/wp\/v2\/media\/348"}],"wp:attachment":[{"href":"https:\/\/szentannaszany.hu\/index.php\/wp-json\/wp\/v2\/media?parent=346"}],"wp:term":[{"taxonomy":"category","embeddable":true,"href":"https:\/\/szentannaszany.hu\/index.php\/wp-json\/wp\/v2\/categories?post=346"},{"taxonomy":"post_tag","embeddable":true,"href":"https:\/\/szentannaszany.hu\/index.php\/wp-json\/wp\/v2\/tags?post=346"}],"curies":[{"name":"wp","href":"https:\/\/api.w.org\/{rel}","templated":true}]}}