{"id":200,"date":"2023-02-09T14:40:18","date_gmt":"2023-02-09T14:40:18","guid":{"rendered":"https:\/\/szentannaszany.hu\/?p=200"},"modified":"2025-12-04T11:37:13","modified_gmt":"2025-12-04T11:37:13","slug":"var-a-szanyi-szent-anna-katolikus-altalanos-iskola-es-ovoda","status":"publish","type":"post","link":"https:\/\/szentannaszany.hu\/index.php\/2023\/02\/09\/var-a-szanyi-szent-anna-katolikus-altalanos-iskola-es-ovoda\/","title":{"rendered":"Iskol\u00e1ba h\u00edvogat\u00f3 programok &#8211; V\u00e1r a szanyi Szent Anna Katolikus \u00c1ltal\u00e1nos Iskola \u00e9s \u00d3voda"},"content":{"rendered":"\n<p class=\"has-vivid-cyan-blue-color has-text-color wp-block-paragraph\"><\/p>\n\n\n<div class=\"wp-block-image\">\n<figure class=\"aligncenter size-full\"><img loading=\"lazy\" decoding=\"async\" width=\"308\" height=\"176\" src=\"https:\/\/szentannaszany.hu\/wp-content\/uploads\/2023\/02\/image-2.png\" alt=\"\" class=\"wp-image-203\" srcset=\"https:\/\/szentannaszany.hu\/wp-content\/uploads\/2023\/02\/image-2.png 308w, https:\/\/szentannaszany.hu\/wp-content\/uploads\/2023\/02\/image-2-300x171.png 300w\" sizes=\"auto, (max-width: 308px) 100vw, 308px\" \/><\/figure>\n<\/div>\n\n\n<p class=\"has-black-color has-text-color wp-block-paragraph\"><strong><mark style=\"background-color:rgba(0, 0, 0, 0)\" class=\"has-inline-color has-luminous-vivid-orange-color\">2025. december \u2013 2026. m\u00e1rcius<br><em>OVISULI FOGLALKOZ\u00c1SOK<\/em><\/mark><\/strong><br>Az idei tan\u00e9vben is v\u00e1rj\u00e1k \u00f3vod\u00e1sainkat leend\u0151 tan\u00edt\u00f3ink minden h\u00f3napban a nagycsoportos vid\u00e1m Ovisuli foglalkoz\u00e1sokra.<\/p>\n\n\n\n<p class=\"has-black-color has-text-color wp-block-paragraph\">Sok szeretettel h\u00edvjuk \u00e9s v\u00e1rjuk a leend\u0151 els\u0151s gyermekeket!<\/p>\n\n\n\n<p class=\"has-vivid-red-color has-text-color has-link-color wp-elements-1 wp-block-paragraph\"><strong><mark style=\"background-color:rgba(0, 0, 0, 0)\" class=\"has-inline-color has-vivid-purple-color\">2025. december 8. SZ\u00dcL\u0150I \u00c9RTEKEZLET<\/mark><\/strong> &#8211; Szany<br><strong><mark style=\"background-color:rgba(0, 0, 0, 0)\" class=\"has-inline-color has-vivid-purple-color\">2025. december 10. SZ\u00dcL\u0150I \u00c9RTEKEZLET<\/mark><\/strong> &#8211; Egyh\u00e1zaskesz\u0151, R\u00e1baszentandr\u00e1s<\/p>\n\n\n\n<p class=\"has-black-color has-text-color has-link-color wp-elements-2 wp-block-paragraph\">A leend\u0151 els\u0151s gyermekek sz\u00fclei t\u00e1j\u00e9koztat\u00e1st hallhatnak iskol\u00e1nk saj\u00e1toss\u00e1gair\u00f3l, oktat\u00e1s\u00e1r\u00f3l, nevel\u00e9s\u00e9r\u0151l, megismerkedhetnek a leend\u0151 tan\u00edt\u00f3inkkal.<\/p>\n\n\n\n<p class=\"wp-block-paragraph\"><strong><mark style=\"background-color:rgba(0, 0, 0, 0)\" class=\"has-inline-color has-vivid-green-cyan-color\">2026. m\u00e1rcius 2. NY\u00cdLT NAP<\/mark><\/strong><br>Bemutat\u00f3 \u00f3r\u00e1k a nagycsoportos \u00f3vod\u00e1sok sz\u00fcleinek, ahol megismerhetik a leend\u0151 els\u0151 oszt\u00e1lyos tan\u00edt\u00f3ikat, nevel\u00e9si-oktat\u00e1si m\u00f3dszereiket.<\/p>\n\n\n\n<p class=\"wp-block-paragraph\"><strong><mark style=\"background-color:rgba(0, 0, 0, 0)\" class=\"has-inline-color has-vivid-cyan-blue-color\">2026. m\u00e1rcius 28. <em>TAVASZI J\u00c1TSZ\u00d3H\u00c1Z<\/em><\/mark><\/strong><br>Sok szeretettel h\u00edvjuk \u00e9s v\u00e1rjuk az \u00e9rdekl\u0151d\u0151, leend\u0151 els\u0151s gyermekeket \u00e9s kedves sz\u00fcleiket egy k\u00f6z\u00f6sen elt\u00f6lt\u00f6tt d\u00e9lut\u00e1nra!<\/p>\n\n\n<div class=\"wp-block-image\">\n<figure class=\"aligncenter size-full\"><img loading=\"lazy\" decoding=\"async\" width=\"212\" height=\"212\" src=\"https:\/\/szentannaszany.hu\/wp-content\/uploads\/2023\/02\/image-1.png\" alt=\"\" class=\"wp-image-202\" srcset=\"https:\/\/szentannaszany.hu\/wp-content\/uploads\/2023\/02\/image-1.png 212w, https:\/\/szentannaszany.hu\/wp-content\/uploads\/2023\/02\/image-1-150x150.png 150w\" sizes=\"auto, (max-width: 212px) 100vw, 212px\" \/><\/figure>\n<\/div>\n\n\n<p class=\"wp-block-paragraph\"><strong><mark style=\"background-color:rgba(0, 0, 0, 0)\" class=\"has-inline-color has-vivid-red-color\">2026. \u00e1prilis 23-24.<br><em>ELS\u0150 OSZT\u00c1LYOSOK BE\u00cdRAT\u00c1SA<\/em><\/mark><\/strong><\/p>\n\n\n<div class=\"wp-block-image\">\n<figure class=\"aligncenter size-full\"><img loading=\"lazy\" decoding=\"async\" width=\"299\" height=\"182\" src=\"https:\/\/szentannaszany.hu\/wp-content\/uploads\/2023\/02\/image.png\" alt=\"\" class=\"wp-image-201\"\/><\/figure>\n<\/div>\n\n\n<p class=\"wp-block-paragraph\"><strong><mark style=\"background-color:rgba(0, 0, 0, 0);color:#0a5af1\" class=\"has-inline-color\">2026. augusztus <em>G\u00d3LYAT\u00c1BOR<\/em><\/mark><\/strong><br>Els\u0151s g\u00f3ly\u00e1inkat v\u00e1rjuk sok sz\u00ednes programmal.<\/p>\n\n\n<div class=\"wp-block-image\">\n<figure class=\"aligncenter size-full\"><img loading=\"lazy\" decoding=\"async\" width=\"278\" height=\"137\" src=\"https:\/\/szentannaszany.hu\/wp-content\/uploads\/2023\/02\/image-3.png\" alt=\"\" class=\"wp-image-204\"\/><\/figure>\n<\/div>\n\n\n<p class=\"wp-block-paragraph\">A pontos id\u0151pontokat, v\u00e1ltoz\u00e1sokat a facebook oldalunkon is hirdetj\u00fck, friss\u00edtj\u00fck.<\/p>\n\n\n\n<p class=\"wp-block-paragraph\"><a href=\"https:\/\/www.facebook.com\/Szent-Anna-Katolikus-\u00c1ltal\u00e1nos-Iskola-\u00e9s-\u00d3voda-110147227835111\">https:\/\/www.facebook.com\/Szent-Anna-Katolikus-\u00c1ltal\u00e1nos-Iskola-\u00e9s-\u00d3voda-110147227835111<\/a><\/p>\n\n\n\n<p class=\"wp-block-paragraph\"><\/p>\n","protected":false},"excerpt":{"rendered":"<div class=\"mh-excerpt\"><p>2025. december \u2013 2026. m\u00e1rciusOVISULI FOGLALKOZ\u00c1SOKAz idei tan\u00e9vben is v\u00e1rj\u00e1k \u00f3vod\u00e1sainkat leend\u0151 tan\u00edt\u00f3ink minden h\u00f3napban a nagycsoportos vid\u00e1m Ovisuli foglalkoz\u00e1sokra. Sok szeretettel h\u00edvjuk \u00e9s v\u00e1rjuk <a class=\"mh-excerpt-more\" href=\"https:\/\/szentannaszany.hu\/index.php\/2023\/02\/09\/var-a-szanyi-szent-anna-katolikus-altalanos-iskola-es-ovoda\/\" title=\"Iskol\u00e1ba h\u00edvogat\u00f3 programok &#8211; V\u00e1r a szanyi Szent Anna Katolikus \u00c1ltal\u00e1nos Iskola \u00e9s \u00d3voda\">[&#8230;]<\/a><\/p>\n<\/div>","protected":false},"author":1,"featured_media":204,"comment_status":"closed","ping_status":"closed","sticky":false,"template":"","format":"standard","meta":{"ngg_post_thumbnail":0,"cybocfi_hide_featured_image":"yes","footnotes":""},"categories":[1],"tags":[],"class_list":["post-200","post","type-post","status-publish","format-standard","has-post-thumbnail","hentry","category-uncategorized"],"_links":{"self":[{"href":"https:\/\/szentannaszany.hu\/index.php\/wp-json\/wp\/v2\/posts\/200","targetHints":{"allow":["GET"]}}],"collection":[{"href":"https:\/\/szentannaszany.hu\/index.php\/wp-json\/wp\/v2\/posts"}],"about":[{"href":"https:\/\/szentannaszany.hu\/index.php\/wp-json\/wp\/v2\/types\/post"}],"author":[{"embeddable":true,"href":"https:\/\/szentannaszany.hu\/index.php\/wp-json\/wp\/v2\/users\/1"}],"replies":[{"embeddable":true,"href":"https:\/\/szentannaszany.hu\/index.php\/wp-json\/wp\/v2\/comments?post=200"}],"version-history":[{"count":10,"href":"https:\/\/szentannaszany.hu\/index.php\/wp-json\/wp\/v2\/posts\/200\/revisions"}],"predecessor-version":[{"id":496,"href":"https:\/\/szentannaszany.hu\/index.php\/wp-json\/wp\/v2\/posts\/200\/revisions\/496"}],"wp:featuredmedia":[{"embeddable":true,"href":"https:\/\/szentannaszany.hu\/index.php\/wp-json\/wp\/v2\/media\/204"}],"wp:attachment":[{"href":"https:\/\/szentannaszany.hu\/index.php\/wp-json\/wp\/v2\/media?parent=200"}],"wp:term":[{"taxonomy":"category","embeddable":true,"href":"https:\/\/szentannaszany.hu\/index.php\/wp-json\/wp\/v2\/categories?post=200"},{"taxonomy":"post_tag","embeddable":true,"href":"https:\/\/szentannaszany.hu\/index.php\/wp-json\/wp\/v2\/tags?post=200"}],"curies":[{"name":"wp","href":"https:\/\/api.w.org\/{rel}","templated":true}]}}